{"id":6031,"date":"2022-10-17T03:00:00","date_gmt":"2022-10-17T06:00:00","guid":{"rendered":"https:\/\/noticiasdaweb.net\/?p=6031"},"modified":"2024-02-08T11:12:54","modified_gmt":"2024-02-08T11:12:54","slug":"adorofarm-o-que-e","status":"publish","type":"post","link":"https:\/\/maisqueinteressante.com.br\/es\/adorofarm-o-que-e\/","title":{"rendered":"QueroFarm: \u00bfqu\u00e9 es?"},"content":{"rendered":"<div class=\"mx-5 sm:mx-0 prose leading-relaxed text-lg mb-5 text-left wp-paragraph\">\n<p>ADORFarm es un blog de FarmRio, creado con el objetivo de dar a conocer acciones de impacto positivo establecidas por la marca. Durante sus inicios fue un blog con temas relacionados con el arte, el bienestar y la naturaleza.<\/p>\n<\/div><div class=\"mx-5 sm:mx-0 prose leading-relaxed text-lg mb-5 text-left wp-paragraph\">\n<p>Hoy se anuncian varias de las acciones de la marca, que van desde su compromiso con el medio ambiente, planes de acci\u00f3n como diversidad e inclusi\u00f3n, as\u00ed como novedades sobre alianzas de productos con otras marcas.<\/p>\n<\/div><!--advertisement--><div class=\"mx-5 sm:mx-0 sm:text-3xl text-2xl font-medium title-font mb-4 text-gray-900 text-left\">\n<h2 class=\"wp-block-heading\" id=\"h-compromissos-da-farm\"><strong>Compromisos agr\u00edcolas<\/strong><\/h2>\n<\/div><div class=\"mx-5 sm:mx-0 prose leading-relaxed text-lg mb-5 text-left wp-paragraph\">\n<p>Farm tiene compromisos que forman parte de toda su historia y evolucionan con el tiempo de acuerdo con las necesidades globales.<\/p>\n<\/div><div class=\"mx-5 sm:mx-0 prose leading-relaxed text-lg mb-5 text-left wp-paragraph\">\n<p>De esta manera tiene diferencias como marca y el impacto que deja en el planeta.<\/p>\n<\/div><div class=\"mx-5 sm:mx-0 prose leading-relaxed text-lg mb-5 text-left wp-paragraph\">\n<p>Son ellas:<\/p>\n<\/div><div class=\"mx-5 sm:mx-0 prose text-left mb-5\">\n<ul><div class=\"mx-5 sm:mx-0 prose text-left mb-5\">\n<li>Proyecto 1.000 \u00e1rboles al d\u00eda todos los d\u00edas<\/li>\n<\/div>\n\n<div class=\"mx-5 sm:mx-0 prose text-left mb-5\">\n<li>Producci\u00f3n 100% carbono neutral<\/li>\n<\/div>\n\n<div class=\"mx-5 sm:mx-0 prose text-left mb-5\">\n<li>Programa de aceleraci\u00f3n de diversidad e inclusi\u00f3n de marcas<\/li>\n<\/div><\/ul>\n<\/div><!--advertisement--><div class=\"mx-5 sm:mx-0 sm:text-3xl text-2xl font-medium title-font mb-4 text-gray-900 text-left\">\n<h2 class=\"wp-block-heading\" id=\"h-projeto-1-000-arvores-por-dia-todos-os-dias\"><strong>Proyectar 1.000 \u00e1rboles al d\u00eda todos los d\u00edas<\/strong><\/h2>\n<\/div><div class=\"mx-5 sm:mx-0 prose leading-relaxed text-lg mb-5 text-left wp-paragraph\">\n<p>Farm cre\u00f3 esta acci\u00f3n con el objetivo de plantar \u00e1rboles cada d\u00eda, restaurar la biodiversidad de nuestros bosques y ayudar a neutralizar las emisiones de carbono.<\/p>\n<\/div><div class=\"mx-5 sm:mx-0 prose leading-relaxed text-lg mb-5 text-left wp-paragraph\">\n<p><br>Se plantaron alrededor de 200 especies diferentes, sumando m\u00e1s de medio mill\u00f3n de \u00e1rboles plantados a finales de 2021, dando como resultado m\u00e1s de 300 hect\u00e1reas recuperadas. Se reforestaron 6 biomas diferentes: Amazon\u00eda, Caatinga, Pampa, Cerrado, Mata Atl\u00e1ntica y Pantanal. De esta manera logr\u00f3:<\/p>\n<\/div><div class=\"mx-5 sm:mx-0 prose text-left mb-5\">\n<ul><div class=\"mx-5 sm:mx-0 prose text-left mb-5\">\n<li>M\u00e1s de 2 mil animales salvajes atendidos<\/li>\n<\/div>\n\n<div class=\"mx-5 sm:mx-0 prose text-left mb-5\">\n<li>Calidad del aire mejorada<\/li>\n<\/div>\n\n<div class=\"mx-5 sm:mx-0 prose text-left mb-5\">\n<li>Movimiento de la econom\u00eda local.<\/li>\n<\/div>\n\n<div class=\"mx-5 sm:mx-0 prose text-left mb-5\">\n<li>Calidad del aire mejorada<\/li>\n<\/div>\n\n<div class=\"mx-5 sm:mx-0 prose text-left mb-5\">\n<li>Preservaci\u00f3n de las culturas regionales.<\/li>\n<\/div>\n\n<div class=\"mx-5 sm:mx-0 prose text-left mb-5\">\n<li>Mejora de los recursos h\u00eddricos<\/li>\n<\/div><\/ul>\n<\/div><!--advertisement--><div class=\"mx-5 sm:mx-0 sm:text-3xl text-2xl font-medium title-font mb-4 text-gray-900 text-left\">\n<h2 class=\"wp-block-heading\" id=\"h-100-carbono-neutro\"><strong>100% carbono neutro<\/strong><\/h2>\n<\/div><div class=\"mx-5 sm:mx-0 prose leading-relaxed text-lg mb-5 text-left wp-paragraph\">\n<p>Farm ha establecido el compromiso de ayudar al planeta con el problema del calentamiento global. Y como hablamos anteriormente, cre\u00f3 un plan estrat\u00e9gico para plantar 1.000 \u00e1rboles por d\u00eda, todos los d\u00edas, con el fin de compensar principalmente todas sus emisiones de sus operaciones en Brasil y el mundo.<\/p>\n<\/div><div class=\"mx-5 sm:mx-0 prose leading-relaxed text-lg mb-5 text-left wp-paragraph\">\n<p>De esta manera lograron neutralizar la emisi\u00f3n de gases contaminantes en toda su cadena productiva.<\/p>\n<\/div><!--advertisement--><div class=\"mx-5 sm:mx-0 sm:text-3xl text-2xl font-medium title-font mb-4 text-gray-900 text-left\">\n<h2 class=\"wp-block-heading\" id=\"h-programa-de-aceleracao-de-diversidade-e-inclusao-da-marca\"><strong>Programa de Aceleraci\u00f3n de Inclusi\u00f3n y Diversidad de Marca<\/strong><\/h2>\n<\/div><div class=\"mx-5 sm:mx-0 prose leading-relaxed text-lg mb-5 text-left wp-paragraph\">\n<p>Farm comprende el impacto que deja en el mundo y por eso reuni\u00f3 a sus empleados para crear un plan de acci\u00f3n que impactar\u00eda sus estructuras y transformar\u00eda su cultura.<\/p>\n<\/div><div class=\"mx-5 sm:mx-0 prose leading-relaxed text-lg mb-5 text-left wp-paragraph\">\n<p>Por ello, decidi\u00f3 priorizar grupos en toda su diversidad que necesitan una inclusi\u00f3n efectiva en la sociedad, como los autodeclarados negros, los ind\u00edgenas, las personas con discapacidad, la comunidad LGBTQIA+ y las mujeres en los niveles jer\u00e1rquicos m\u00e1s altos de la marca.<\/p>\n<\/div><!--advertisement--><div class=\"mx-5 sm:mx-0 sm:text-3xl text-2xl font-medium title-font mb-4 text-gray-900 text-left\">\n<h2 class=\"wp-block-heading\" id=\"h-parcerias-de-sucesso-com-outras-marcas\"><strong>Asociaciones exitosas con otras marcas<\/strong><\/h2>\n<\/div><div class=\"mx-5 sm:mx-0 prose leading-relaxed text-lg mb-5 text-left wp-paragraph\">\n<p>Farm tambi\u00e9n es conocida por asociarse con otras marcas, creando productos \u00fanicos y exitosos. Muchas marcas han pasado por la historia de la finca \u201ccollab\u201d, y permanecen en la memoria de quienes siguen toda la trayectoria de esta querida marca.<\/p>\n<\/div><div class=\"mx-5 sm:mx-0 prose leading-relaxed text-lg mb-5 text-left wp-paragraph\">\n<p>Actualmente, Farm cuenta con asociaciones, que est\u00e1n disponibles en la pesta\u00f1a de asociaciones del sitio web. Existen varias marcas consolidadas, como:<\/p>\n<\/div><div class=\"mx-5 sm:mx-0 prose text-left mb-5\">\n<ul><div class=\"mx-5 sm:mx-0 prose text-left mb-5\">\n<li>adidas<\/li>\n<\/div>\n\n<div class=\"mx-5 sm:mx-0 prose text-left mb-5\">\n<li>Havaianas<\/li>\n<\/div>\n\n<div class=\"mx-5 sm:mx-0 prose text-left mb-5\">\n<li>L\u00e9vis<\/li>\n<\/div>\n\n<div class=\"mx-5 sm:mx-0 prose text-left mb-5\">\n<li>sonriente<\/li>\n<\/div>\n\n<div class=\"mx-5 sm:mx-0 prose text-left mb-5\">\n<li>Bragas<\/li>\n<\/div>\n\n<div class=\"mx-5 sm:mx-0 prose text-left mb-5\">\n<li>Vida libre<\/li>\n<\/div>\n\n<div class=\"mx-5 sm:mx-0 prose text-left mb-5\">\n<li>Z\u00e9 Carioca<\/li>\n<\/div><\/ul>\n<\/div><div class=\"mx-5 sm:mx-0 prose leading-relaxed text-lg mb-5 text-left wp-paragraph\">\n<p>Otras marcas ya pasaron por este sal\u00f3n de alianzas, y quienes ya siguieron la trayectoria de la marca recuerdan las colaboraciones con All Star, Olodum, Jansport, Adados, entre otras.<\/p>\n<\/div><div class=\"mx-5 sm:mx-0 prose leading-relaxed text-lg mb-5 text-left wp-paragraph\">\n<p>Por lo tanto, Quando Farm es parte de la historia de la marca, impactando tambi\u00e9n a quienes la usan y la siguen desde hace muchos a\u00f1os, como yo. Es hermoso ver c\u00f3mo la marca ha evolucionado y se ha posicionado como una que deja un legado en la vida de muchas personas y del mundo. Granja, eres necesario y haces la diferencia.<\/p>\n<\/div>","protected":false},"excerpt":{"rendered":"<p>AdoroFarm es el blog de FarmRio, creado para promover las iniciativas de impacto positivo de la marca. Inicialmente, era un blog centrado en temas relacionados con el arte, el bienestar y la naturaleza. Hoy, la marca comparte diversas iniciativas, desde su compromiso con el medio ambiente hasta planes de acci\u00f3n como\u2026 <a class=\"more-link\" href=\"https:\/\/maisqueinteressante.com.br\/es\/adorofarm-o-que-e\/\">sigue leyendo <span class=\"screen-reader-text\">QueroFarm: \u00bfqu\u00e9 es?<\/span><\/a><\/p>","protected":false},"author":12,"featured_media":6351,"comment_status":"closed","ping_status":"closed","sticky":false,"template":"","format":"standard","meta":{"footnotes":""},"categories":[5],"tags":[],"yoast_head":"<!-- This site is optimized with the Yoast SEO Premium plugin v18.7 (Yoast SEO v19.1) - https:\/\/yoast.com\/wordpress\/plugins\/seo\/ -->\n<title>AdoroFarm: o que \u00e9? - Mais Que Interessante<\/title>\n<meta name=\"description\" content=\"Saiba tudo o que \u00e9 o Adoro Farm, todas as causas que ele abra\u00e7a, qual sua import\u00e2ncia e trajet\u00f3ria na marca Farm Rio!\" \/>\n<meta name=\"robots\" content=\"index, follow, max-snippet:-1, max-image-preview:large, max-video-preview:-1\" \/>\n<link rel=\"canonical\" href=\"https:\/\/maisqueinteressante.com.br\/es\/adorofarm-o-que-e\/\" \/>\n<meta property=\"og:locale\" content=\"es_MX\" \/>\n<meta property=\"og:type\" content=\"article\" \/>\n<meta property=\"og:title\" content=\"AdoroFarm: o que \u00e9?\" \/>\n<meta property=\"og:description\" content=\"Saiba tudo o que \u00e9 o Adoro Farm, todas as causas que ele abra\u00e7a, qual sua import\u00e2ncia e trajet\u00f3ria na marca Farm Rio!\" \/>\n<meta property=\"og:url\" content=\"https:\/\/maisqueinteressante.com.br\/es\/adorofarm-o-que-e\/\" \/>\n<meta property=\"og:site_name\" content=\"Mais Que Interessante\" \/>\n<meta property=\"article:published_time\" content=\"2022-10-17T06:00:00+00:00\" \/>\n<meta property=\"article:modified_time\" content=\"2024-02-08T11:12:54+00:00\" \/>\n<meta property=\"og:image\" content=\"https:\/\/maisqueinteressante.com.br\/wp-content\/uploads\/2022\/10\/Farm.jpeg\" \/>\n\t<meta property=\"og:image:width\" content=\"1080\" \/>\n\t<meta property=\"og:image:height\" content=\"785\" \/>\n\t<meta property=\"og:image:type\" content=\"image\/jpeg\" \/>\n<meta name=\"twitter:card\" content=\"summary_large_image\" \/>\n<meta name=\"twitter:label1\" content=\"Written by\" \/>\n\t<meta name=\"twitter:data1\" content=\"Aline Saes\" \/>\n\t<meta name=\"twitter:label2\" content=\"Est. reading time\" \/>\n\t<meta name=\"twitter:data2\" content=\"4 minutos\" \/>\n<script type=\"application\/ld+json\" class=\"yoast-schema-graph\">{\"@context\":\"https:\/\/schema.org\",\"@graph\":[{\"@type\":\"WebSite\",\"@id\":\"https:\/\/maisqueinteressante.com.br\/#website\",\"url\":\"https:\/\/maisqueinteressante.com.br\/\",\"name\":\"Mais Que Interessante\",\"description\":\"\",\"potentialAction\":[{\"@type\":\"SearchAction\",\"target\":{\"@type\":\"EntryPoint\",\"urlTemplate\":\"https:\/\/maisqueinteressante.com.br\/?s={search_term_string}\"},\"query-input\":\"required name=search_term_string\"}],\"inLanguage\":\"es-MX\"},{\"@type\":\"ImageObject\",\"inLanguage\":\"es-MX\",\"@id\":\"https:\/\/maisqueinteressante.com.br\/adorofarm-o-que-e\/#primaryimage\",\"url\":\"https:\/\/maisqueinteressante.com.br\/wp-content\/uploads\/2022\/10\/Farm.jpeg\",\"contentUrl\":\"https:\/\/maisqueinteressante.com.br\/wp-content\/uploads\/2022\/10\/Farm.jpeg\",\"width\":1080,\"height\":785},{\"@type\":\"WebPage\",\"@id\":\"https:\/\/maisqueinteressante.com.br\/adorofarm-o-que-e\/#webpage\",\"url\":\"https:\/\/maisqueinteressante.com.br\/adorofarm-o-que-e\/\",\"name\":\"AdoroFarm: o que \u00e9? - Mais Que Interessante\",\"isPartOf\":{\"@id\":\"https:\/\/maisqueinteressante.com.br\/#website\"},\"primaryImageOfPage\":{\"@id\":\"https:\/\/maisqueinteressante.com.br\/adorofarm-o-que-e\/#primaryimage\"},\"datePublished\":\"2022-10-17T06:00:00+00:00\",\"dateModified\":\"2024-02-08T11:12:54+00:00\",\"author\":{\"@id\":\"https:\/\/maisqueinteressante.com.br\/#\/schema\/person\/86ccb7c12199ea8a4858357e85b11a85\"},\"description\":\"Saiba tudo o que \u00e9 o Adoro Farm, todas as causas que ele abra\u00e7a, qual sua import\u00e2ncia e trajet\u00f3ria na marca Farm Rio!\",\"breadcrumb\":{\"@id\":\"https:\/\/maisqueinteressante.com.br\/adorofarm-o-que-e\/#breadcrumb\"},\"inLanguage\":\"es-MX\",\"potentialAction\":[{\"@type\":\"ReadAction\",\"target\":[\"https:\/\/maisqueinteressante.com.br\/adorofarm-o-que-e\/\"]}]},{\"@type\":\"BreadcrumbList\",\"@id\":\"https:\/\/maisqueinteressante.com.br\/adorofarm-o-que-e\/#breadcrumb\",\"itemListElement\":[{\"@type\":\"ListItem\",\"position\":1,\"name\":\"Home\",\"item\":\"https:\/\/maisqueinteressante.com.br\/\"},{\"@type\":\"ListItem\",\"position\":2,\"name\":\"AdoroFarm: o que \u00e9?\"}]},{\"@type\":\"Person\",\"@id\":\"https:\/\/maisqueinteressante.com.br\/#\/schema\/person\/86ccb7c12199ea8a4858357e85b11a85\",\"name\":\"Aline Saes\",\"image\":{\"@type\":\"ImageObject\",\"inLanguage\":\"es-MX\",\"@id\":\"https:\/\/maisqueinteressante.com.br\/#\/schema\/person\/image\/\",\"url\":\"https:\/\/secure.gravatar.com\/avatar\/fbba2c3f92032de0d7a091559878aacc?s=96&d=mm&r=g\",\"contentUrl\":\"https:\/\/secure.gravatar.com\/avatar\/fbba2c3f92032de0d7a091559878aacc?s=96&d=mm&r=g\",\"caption\":\"Aline Saes\"},\"description\":\"Estrategista de conte\u00fado e copywriter h\u00e1 mais de 6 anos. Apaixonada por trazer informa\u00e7\u00e3o de qualidade e acess\u00edvel para todos.\",\"url\":\"https:\/\/maisqueinteressante.com.br\/es\/author\/aline-saes-rodriguesgmail-com\/\"}]}<\/script>\n<!-- \/ Yoast SEO Premium plugin. -->","yoast_head_json":{"title":"AdoroFarm: o que \u00e9? - Mais Que Interessante","description":"Saiba tudo o que \u00e9 o Adoro Farm, todas as causas que ele abra\u00e7a, qual sua import\u00e2ncia e trajet\u00f3ria na marca Farm Rio!","robots":{"index":"index","follow":"follow","max-snippet":"max-snippet:-1","max-image-preview":"max-image-preview:large","max-video-preview":"max-video-preview:-1"},"canonical":"https:\/\/maisqueinteressante.com.br\/es\/adorofarm-o-que-e\/","og_locale":"es_MX","og_type":"article","og_title":"AdoroFarm: o que \u00e9?","og_description":"Saiba tudo o que \u00e9 o Adoro Farm, todas as causas que ele abra\u00e7a, qual sua import\u00e2ncia e trajet\u00f3ria na marca Farm Rio!","og_url":"https:\/\/maisqueinteressante.com.br\/es\/adorofarm-o-que-e\/","og_site_name":"Mais Que Interessante","article_published_time":"2022-10-17T06:00:00+00:00","article_modified_time":"2024-02-08T11:12:54+00:00","og_image":[{"width":1080,"height":785,"url":"https:\/\/maisqueinteressante.com.br\/wp-content\/uploads\/2022\/10\/Farm.jpeg","type":"image\/jpeg"}],"twitter_card":"summary_large_image","twitter_misc":{"Written by":"Aline Saes","Est. reading time":"4 minutos"},"schema":{"@context":"https:\/\/schema.org","@graph":[{"@type":"WebSite","@id":"https:\/\/maisqueinteressante.com.br\/#website","url":"https:\/\/maisqueinteressante.com.br\/","name":"Mais Que Interessante","description":"","potentialAction":[{"@type":"SearchAction","target":{"@type":"EntryPoint","urlTemplate":"https:\/\/maisqueinteressante.com.br\/?s={search_term_string}"},"query-input":"required name=search_term_string"}],"inLanguage":"es-MX"},{"@type":"ImageObject","inLanguage":"es-MX","@id":"https:\/\/maisqueinteressante.com.br\/adorofarm-o-que-e\/#primaryimage","url":"https:\/\/maisqueinteressante.com.br\/wp-content\/uploads\/2022\/10\/Farm.jpeg","contentUrl":"https:\/\/maisqueinteressante.com.br\/wp-content\/uploads\/2022\/10\/Farm.jpeg","width":1080,"height":785},{"@type":"WebPage","@id":"https:\/\/maisqueinteressante.com.br\/adorofarm-o-que-e\/#webpage","url":"https:\/\/maisqueinteressante.com.br\/adorofarm-o-que-e\/","name":"AdoroFarm: o que \u00e9? - Mais Que Interessante","isPartOf":{"@id":"https:\/\/maisqueinteressante.com.br\/#website"},"primaryImageOfPage":{"@id":"https:\/\/maisqueinteressante.com.br\/adorofarm-o-que-e\/#primaryimage"},"datePublished":"2022-10-17T06:00:00+00:00","dateModified":"2024-02-08T11:12:54+00:00","author":{"@id":"https:\/\/maisqueinteressante.com.br\/#\/schema\/person\/86ccb7c12199ea8a4858357e85b11a85"},"description":"Saiba tudo o que \u00e9 o Adoro Farm, todas as causas que ele abra\u00e7a, qual sua import\u00e2ncia e trajet\u00f3ria na marca Farm Rio!","breadcrumb":{"@id":"https:\/\/maisqueinteressante.com.br\/adorofarm-o-que-e\/#breadcrumb"},"inLanguage":"es-MX","potentialAction":[{"@type":"ReadAction","target":["https:\/\/maisqueinteressante.com.br\/adorofarm-o-que-e\/"]}]},{"@type":"BreadcrumbList","@id":"https:\/\/maisqueinteressante.com.br\/adorofarm-o-que-e\/#breadcrumb","itemListElement":[{"@type":"ListItem","position":1,"name":"Home","item":"https:\/\/maisqueinteressante.com.br\/"},{"@type":"ListItem","position":2,"name":"AdoroFarm: o que \u00e9?"}]},{"@type":"Person","@id":"https:\/\/maisqueinteressante.com.br\/#\/schema\/person\/86ccb7c12199ea8a4858357e85b11a85","name":"Aline Saes","image":{"@type":"ImageObject","inLanguage":"es-MX","@id":"https:\/\/maisqueinteressante.com.br\/#\/schema\/person\/image\/","url":"https:\/\/secure.gravatar.com\/avatar\/fbba2c3f92032de0d7a091559878aacc?s=96&d=mm&r=g","contentUrl":"https:\/\/secure.gravatar.com\/avatar\/fbba2c3f92032de0d7a091559878aacc?s=96&d=mm&r=g","caption":"Aline Saes"},"description":"Estrategista de conte\u00fado e copywriter h\u00e1 mais de 6 anos. Apaixonada por trazer informa\u00e7\u00e3o de qualidade e acess\u00edvel para todos.","url":"https:\/\/maisqueinteressante.com.br\/es\/author\/aline-saes-rodriguesgmail-com\/"}]}},"_links":{"self":[{"href":"https:\/\/maisqueinteressante.com.br\/es\/wp-json\/wp\/v2\/posts\/6031"}],"collection":[{"href":"https:\/\/maisqueinteressante.com.br\/es\/wp-json\/wp\/v2\/posts"}],"about":[{"href":"https:\/\/maisqueinteressante.com.br\/es\/wp-json\/wp\/v2\/types\/post"}],"author":[{"embeddable":true,"href":"https:\/\/maisqueinteressante.com.br\/es\/wp-json\/wp\/v2\/users\/12"}],"replies":[{"embeddable":true,"href":"https:\/\/maisqueinteressante.com.br\/es\/wp-json\/wp\/v2\/comments?post=6031"}],"version-history":[{"count":0,"href":"https:\/\/maisqueinteressante.com.br\/es\/wp-json\/wp\/v2\/posts\/6031\/revisions"}],"wp:featuredmedia":[{"embeddable":true,"href":"https:\/\/maisqueinteressante.com.br\/es\/wp-json\/wp\/v2\/media\/6351"}],"wp:attachment":[{"href":"https:\/\/maisqueinteressante.com.br\/es\/wp-json\/wp\/v2\/media?parent=6031"}],"wp:term":[{"taxonomy":"category","embeddable":true,"href":"https:\/\/maisqueinteressante.com.br\/es\/wp-json\/wp\/v2\/categories?post=6031"},{"taxonomy":"post_tag","embeddable":true,"href":"https:\/\/maisqueinteressante.com.br\/es\/wp-json\/wp\/v2\/tags?post=6031"}],"curies":[{"name":"wp","href":"https:\/\/api.w.org\/{rel}","templated":true}]}}