{"id":6607,"date":"2023-02-19T21:07:14","date_gmt":"2023-02-20T00:07:14","guid":{"rendered":"https:\/\/maisqueinteressante.com.br\/?p=6607"},"modified":"2023-02-19T21:07:14","modified_gmt":"2023-02-20T00:07:14","slug":"discurso-de-padrinho-de-casamento","status":"publish","type":"post","link":"https:\/\/maisqueinteressante.com.br\/ro\/discurso-de-padrinho-de-casamento\/","title":{"rendered":"Discursul celui mai bun om"},"content":{"rendered":"<div class=\"mx-5 sm:mx-0 prose leading-relaxed text-lg mb-5 text-left wp-paragraph\">\n<p>Vezi un exemplu de discurs Best Man. \u00cen multe cazuri, s-ar putea s\u0103 fi\u021bi invitat s\u0103 spune\u021bi c\u00e2teva cuvinte mirilor \u00een timpul ceremoniei sau recep\u021biei. \u0218i dac\u0103 nu \u0219tii cum s\u0103 o faci, \u00ee\u021bi dau un exemplu aici.<\/p>\n<\/div><div class=\"mx-5 sm:mx-0 prose leading-relaxed text-lg mb-5 text-left wp-paragraph\">\n<p>Aminte\u0219te-\u021bi c\u0103 discursul celui mai bun b\u0103rbat este foarte important, deoarece ai fost invitat \u00eentr-o pozi\u021bie de \u00eencredere de c\u0103tre miri. E\u0219ti o persoan\u0103 \u00een care au \u00eencredere pentru a-i ajuta \u00een orice moment.<\/p>\n<\/div><!--image--><div class=\"px-5 sm:px-0 sm:w-[800px] sm:ml-[50%] sm:-translate-x-2\/4 rounded-lg overflow-hidden mb-5 text-center\">\n<figure class=\"wp-block-image size-full\"><img decoding=\"async\" width=\"960\" height=\"640\" loading=\"lazy\" src=\"http:\/\/104.131.2.162\/wp-content\/uploads\/2023\/02\/mari-leo-previas-49_13_178379-166013221645741.jpeg\" alt=\"Casamento\" class=\"w-full object-cover object-center border mx-auto wp-image-6608\" srcset=\"https:\/\/maisqueinteressante.com.br\/wp-content\/uploads\/2023\/02\/mari-leo-previas-49_13_178379-166013221645741.jpeg 960w, https:\/\/maisqueinteressante.com.br\/wp-content\/uploads\/2023\/02\/mari-leo-previas-49_13_178379-166013221645741-300x200.jpeg 300w, https:\/\/maisqueinteressante.com.br\/wp-content\/uploads\/2023\/02\/mari-leo-previas-49_13_178379-166013221645741-768x512.jpeg 768w\" sizes=\"(max-width: 960px) 100vw, 960px\" \/><figcaption class=\"mt-5 text-xs text-center border-b pb-4\">Imagine a mirilor dup\u0103 nunt\u0103.\/Reproduc\u021bie: Imagine preluat\u0103 de pe Google<\/figcaption><\/figure>\n<\/div><!--image--><!--advertisement--><div class=\"mx-5 sm:mx-0 sm:text-3xl text-2xl font-medium title-font mb-4 text-gray-900 text-left\">\n<h2 class=\"wp-block-heading\">Vezi un exemplu de Discurs al Na\u0219ului<\/h2>\n<\/div><div class=\"mx-5 sm:mx-0 prose leading-relaxed text-lg mb-5 text-left wp-paragraph\">\n<p>\u201eNu am prea mult\u0103 experien\u021b\u0103 \u00een toat\u0103 chestia asta cu c\u0103s\u0103toria. Chiar dac\u0103 am un fiu, eu sunt cel care \u00eenva\u021b\u0103 cel mai mult de la el. Dar dac\u0103 e ceva ce am \u00eenv\u0103\u021bat \u00een ace\u0219ti ani de c\u0103snicie, este c\u0103 este foarte u\u0219or s\u0103 m\u0103 pierzi.<\/p>\n<\/div><div class=\"mx-5 sm:mx-0 prose leading-relaxed text-lg mb-5 text-left wp-paragraph\">\n<p>\u0218i c\u00e2nd spun s\u0103 te r\u0103t\u0103ce\u0219ti, nu este vorba despre evenimente notabile, ci \u0219i despre micile lucruri cotidiene. Ne putem pierde \u00een munc\u0103, ne putem pierde \u00een g\u00e2nduri \u0219i chiar ne putem pierde \u00een noi \u00een\u0219ine.&nbsp;<\/p>\n<\/div><div class=\"mx-5 sm:mx-0 prose leading-relaxed text-lg mb-5 text-left wp-paragraph\">\n<p>Dar am \u00eenv\u0103\u021bat, \u0219i acum v\u0103 spun acum, c\u0103 cel mai bun lucru \u00een via\u021b\u0103 este s\u0103 avem pe cineva l\u00e2ng\u0103 noi, pe cineva care este punctul nostru de reuniune.&nbsp;<\/p>\n<\/div><div class=\"mx-5 sm:mx-0 prose leading-relaxed text-lg mb-5 text-left wp-paragraph\">\n<p>Suntem puternici, chiar \u0219i cu sl\u0103biciunile noastre. Ne confrunt\u0103m cu greut\u0103\u021bile zilei, chiar \u0219i atunci c\u00e2nd ei au m\u00e2na de sus. Suntem ca ni\u0219te locomotive care poart\u0103 vagoane pline de vise, temeri, ambi\u021bii \u0219i frustr\u0103ri.&nbsp;<\/p>\n<\/div><div class=\"mx-5 sm:mx-0 prose leading-relaxed text-lg mb-5 text-left wp-paragraph\">\n<p>\u0218i, ca ei, continu\u0103m, plou\u0103 sau soare, purt\u00e2ndu-ne c\u0103ru\u021bele toat\u0103 ziua. Dar chiar \u0219i locomotivele au o sta\u021bie unde se re\u00eent\u00e2lnesc la sf\u00e2r\u0219itul zilei. C\u0103s\u0103toria \u0219i casa voastr\u0103 s\u0103 fie ca \u00een acest sezon.<\/p>\n<\/div><div class=\"mx-5 sm:mx-0 prose leading-relaxed text-lg mb-5 text-left wp-paragraph\">\n<p>Ie\u0219i \u00een fiecare diminea\u021b\u0103 \u00een c\u0103utarea realiz\u0103rilor tale, a realiz\u0103rilor tale, pentru a-\u021bi dep\u0103\u0219i temerile, \u0219tiind c\u0103 la sf\u00e2r\u0219itul zilei ai unde s\u0103 te re\u00eent\u00e2lne\u0219ti.<\/p>\n<\/div><div class=\"mx-5 sm:mx-0 prose leading-relaxed text-lg mb-5 text-left wp-paragraph\">\n<p>C\u00e2nd cineva i-a spus lui Isus c\u0103 \u00cel va urma oriunde va merge, el a r\u0103spuns: \u201eVulpile au gropile lor, iar p\u0103s\u0103rile cerului au cuiburile lor, dar Fiul Omului nu are unde s\u0103-\u0219i pun\u0103 capul\u201d.&nbsp;<\/p>\n<\/div><div class=\"mx-5 sm:mx-0 prose leading-relaxed text-lg mb-5 text-left wp-paragraph\">\n<p>Isus, \u00een prima sa \u00eent\u00e2lnire cu umanitatea, ne-a ar\u0103tat c\u0103 avem nevoie de un loc sigur \u00een care s\u0103 fim al\u0103turi de cei dragi, un loc \u00een care s\u0103 ne odihnim \u0219i s\u0103 fim bine.&nbsp;<\/p>\n<\/div><div class=\"mx-5 sm:mx-0 prose leading-relaxed text-lg mb-5 text-left wp-paragraph\">\n<p>Spre deosebire de noi, oamenii, Isus nu a avut unde s\u0103-\u0219i pun\u0103 capul pentru c\u0103 lucrarea Sa aici pe P\u0103m\u00e2nt nu avea s\u0103 fie \u00eendeplinit\u0103 la prima \u00eent\u00e2lnire, ci mai degrab\u0103 la Reuniunea c\u00e2nd se va \u00eentoarce. Mai bine dec\u00e2t \u00eent\u00e2lnirea, va fi reunirea.&nbsp;<\/p>\n<\/div><div class=\"mx-5 sm:mx-0 prose leading-relaxed text-lg mb-5 text-left wp-paragraph\">\n<p>Prin urmare, Adriano \u0219i Jenifer, oric\u00e2t de pierdu\u021bi te-ai sim\u021bi, caut\u0103 \u00eempreun\u0103 o modalitate de a se reg\u0103si unul pe cel\u0103lalt. Dup\u0103 cum \u00eei spun mereu lui Nati, pentru a r\u0103m\u00e2ne c\u0103s\u0103torit trebuie s\u0103 spui da \u00een fiecare zi.<\/p>\n<\/div><div class=\"mx-5 sm:mx-0 prose leading-relaxed text-lg mb-5 text-left wp-paragraph\">\n<p>C\u00e2nd rutina de acas\u0103 v\u0103 \u00eendep\u0103rteaz\u0103 unul de cel\u0103lalt, \u00eent\u00e2lni\u021bi-v\u0103 din nou la mas\u0103 cu acea m\u00e2ncare japonez\u0103 pe care o posta\u021bi \u0219i ne face\u021bi gelo\u0219i.<\/p>\n<\/div><div class=\"mx-5 sm:mx-0 prose leading-relaxed text-lg mb-5 text-left wp-paragraph\">\n<p>Dac\u0103 ziua de lucru este prea grea pentru tine, \u00eent\u00e2lne\u0219te-te la un restaurant \u0219i lumineaz\u0103 sf\u00e2r\u0219itul zilei \u00eenainte de a pleca acas\u0103.<\/p>\n<\/div><div class=\"mx-5 sm:mx-0 prose leading-relaxed text-lg mb-5 text-left wp-paragraph\">\n<p>C\u00e2nd descurajarea apare \u0219i dorin\u021ba de a face lucrurile se diminueaz\u0103, \u00eent\u00e2lni\u021bi-v\u0103 din nou la o plimbare prin cartier. Asta face mult bine, de fapt! Nu o fac, dar o recomand cu drag.<\/p>\n<\/div><div class=\"mx-5 sm:mx-0 prose leading-relaxed text-lg mb-5 text-left wp-paragraph\">\n<p>Dac\u0103 v\u0103 \u00eentreba\u021bi mai t\u00e2rziu de ce a\u021bi ales s\u0103 fi\u021bi \u00eempreun\u0103, \u00eenchide\u021bi ochii \u0219i \u00eent\u00e2lni\u021bi-v\u0103 din nou aici. Pe acest altar, \u00een fa\u021ba tuturor acestor oameni. Sunte\u021bi aici pentru c\u0103 g\u0103si\u021bi motive s\u0103 fi\u021bi ferici\u021bi unul \u00een cel\u0103lalt.<\/p>\n<\/div><div class=\"mx-5 sm:mx-0 prose leading-relaxed text-lg mb-5 text-left wp-paragraph\">\n<p>Dac\u0103 \u00eentr-o zi vine triste\u021bea \u0219i poate veni, re\u00eent\u00e2lne\u0219te-te aici. Pentru c\u0103 aici \u0219i ast\u0103zi vor da sens tot ceea ce experimenta\u021bi de acum \u00eenainte.<\/p>\n<\/div><div class=\"mx-5 sm:mx-0 prose leading-relaxed text-lg mb-5 text-left wp-paragraph\">\n<p>Fie ca tu s\u0103 fii foarte fericit, ast\u0103zi \u0219i \u00eentotdeauna. \u00cen \u00eent\u00e2lniri \u0219i reuniuni. Dumnezeu s\u0103 v\u0103 binecuv\u00e2nteze!\u201d \u2013 Scris de Abner Silvestre<\/p>\n<\/div><!--advertisement--><div class=\"mx-5 sm:mx-0 sm:text-3xl text-2xl font-medium title-font mb-4 text-gray-900 text-left\">\n<h3 class=\"wp-block-heading\">Scrie-\u021bi propriul discurs Best Man<\/h3>\n<\/div><div class=\"mx-5 sm:mx-0 prose leading-relaxed text-lg mb-5 text-left wp-paragraph\">\n<p>Trebuie s\u0103 \u021bii cont de faptul c\u0103 discursul cel mai bun om nu este despre tine. Trebuie s\u0103 \u00een\u021belege\u021bi c\u0103 este vorba despre a vorbi despre miri a\u0219a cum sunt. Ofer\u0103 sfaturi despre ceea ce crezi c\u0103 le-ar putea ajuta pe viitor \u0219i s\u0103 te faci disponibil.<\/p>\n<\/div><div class=\"mx-5 sm:mx-0 prose leading-relaxed text-lg mb-5 text-left wp-paragraph\">\n<p>Fii mereu con\u0219tient de momentele din via\u021ba mirilor la care ai fost martor \u0219i folose\u0219te-le pentru a-\u021bi crea discursul. \u00cen acest fel, vei face cuvintele tale mai semnificative pentru ei. \u0218i discursul t\u0103u va avea mult mai mult impact.<\/p>\n<\/div>","protected":false},"excerpt":{"rendered":"<p>Veja um exemplo de Discurso de Padrinho de Casamento. Em muitos casos, voc\u00ea pode ser convidado a dizer algumas palavras para os noivos durante a cerim\u00f4nia ou a festa. E se voc\u00ea n\u00e3o sabe como fazer, vou te deixar um exemplo aqui. Lembrando que o discurso de padrinho \u00e9 algo muito importante pois voc\u00ea foi&hellip; <a class=\"more-link\" href=\"https:\/\/maisqueinteressante.com.br\/ro\/discurso-de-padrinho-de-casamento\/\">Cite\u0219te mai departe <span class=\"screen-reader-text\">Discursul celui mai bun om<\/span><\/a><\/p>","protected":false},"author":12,"featured_media":6614,"comment_status":"open","ping_status":"open","sticky":false,"template":"","format":"standard","meta":{"footnotes":""},"categories":[8],"tags":[],"yoast_head":"<!-- This site is optimized with the Yoast SEO Premium plugin v18.7 (Yoast SEO v19.1) - https:\/\/yoast.com\/wordpress\/plugins\/seo\/ -->\n<title>Discurso de Padrinho de Casamento - Mais Que Interessante<\/title>\n<meta name=\"description\" content=\"Aprenda a como fazer um discurso de Padrinho impactante que deixei todos os convidados emocionados. Esse \u00e9 um momento especial.\" \/>\n<meta name=\"robots\" content=\"index, follow, max-snippet:-1, max-image-preview:large, max-video-preview:-1\" \/>\n<link rel=\"canonical\" href=\"https:\/\/maisqueinteressante.com.br\/ro\/discurso-de-padrinho-de-casamento\/\" \/>\n<meta property=\"og:locale\" content=\"ro_RO\" \/>\n<meta property=\"og:type\" content=\"article\" \/>\n<meta property=\"og:title\" content=\"Discurso de Padrinho de Casamento\" \/>\n<meta property=\"og:description\" content=\"Aprenda a como fazer um discurso de Padrinho impactante que deixei todos os convidados emocionados. Esse \u00e9 um momento especial.\" \/>\n<meta property=\"og:url\" content=\"https:\/\/maisqueinteressante.com.br\/ro\/discurso-de-padrinho-de-casamento\/\" \/>\n<meta property=\"og:site_name\" content=\"Mais Que Interessante\" \/>\n<meta property=\"article:published_time\" content=\"2023-02-20T00:07:14+00:00\" \/>\n<meta name=\"twitter:card\" content=\"summary_large_image\" \/>\n<meta name=\"twitter:image\" content=\"https:\/\/maisqueinteressante.com.br\/wp-content\/uploads\/2023\/02\/WhatsApp-Image-2022-12-10-at-16.24.38.webp\" \/>\n<meta name=\"twitter:label1\" content=\"Written by\" \/>\n\t<meta name=\"twitter:data1\" content=\"Aline Saes\" \/>\n\t<meta name=\"twitter:label2\" content=\"Est. reading time\" \/>\n\t<meta name=\"twitter:data2\" content=\"5 minute\" \/>\n<script type=\"application\/ld+json\" class=\"yoast-schema-graph\">{\"@context\":\"https:\/\/schema.org\",\"@graph\":[{\"@type\":\"WebSite\",\"@id\":\"https:\/\/maisqueinteressante.com.br\/#website\",\"url\":\"https:\/\/maisqueinteressante.com.br\/\",\"name\":\"Mais Que Interessante\",\"description\":\"\",\"potentialAction\":[{\"@type\":\"SearchAction\",\"target\":{\"@type\":\"EntryPoint\",\"urlTemplate\":\"https:\/\/maisqueinteressante.com.br\/?s={search_term_string}\"},\"query-input\":\"required name=search_term_string\"}],\"inLanguage\":\"ro-RO\"},{\"@type\":\"ImageObject\",\"inLanguage\":\"ro-RO\",\"@id\":\"https:\/\/maisqueinteressante.com.br\/discurso-de-padrinho-de-casamento\/#primaryimage\",\"url\":\"https:\/\/maisqueinteressante.com.br\/wp-content\/uploads\/2023\/02\/WhatsApp-Image-2022-12-10-at-16.24.38.webp\",\"contentUrl\":\"https:\/\/maisqueinteressante.com.br\/wp-content\/uploads\/2023\/02\/WhatsApp-Image-2022-12-10-at-16.24.38.webp\",\"width\":960,\"height\":640},{\"@type\":\"WebPage\",\"@id\":\"https:\/\/maisqueinteressante.com.br\/discurso-de-padrinho-de-casamento\/#webpage\",\"url\":\"https:\/\/maisqueinteressante.com.br\/discurso-de-padrinho-de-casamento\/\",\"name\":\"Discurso de Padrinho de Casamento - Mais Que Interessante\",\"isPartOf\":{\"@id\":\"https:\/\/maisqueinteressante.com.br\/#website\"},\"primaryImageOfPage\":{\"@id\":\"https:\/\/maisqueinteressante.com.br\/discurso-de-padrinho-de-casamento\/#primaryimage\"},\"datePublished\":\"2023-02-20T00:07:14+00:00\",\"dateModified\":\"2023-02-20T00:07:14+00:00\",\"author\":{\"@id\":\"https:\/\/maisqueinteressante.com.br\/#\/schema\/person\/4995f8f1611563764ccbf9d5cd2f8f0f\"},\"description\":\"Aprenda a como fazer um discurso de Padrinho impactante que deixei todos os convidados emocionados. Esse \u00e9 um momento especial.\",\"breadcrumb\":{\"@id\":\"https:\/\/maisqueinteressante.com.br\/discurso-de-padrinho-de-casamento\/#breadcrumb\"},\"inLanguage\":\"ro-RO\",\"potentialAction\":[{\"@type\":\"ReadAction\",\"target\":[\"https:\/\/maisqueinteressante.com.br\/discurso-de-padrinho-de-casamento\/\"]}]},{\"@type\":\"BreadcrumbList\",\"@id\":\"https:\/\/maisqueinteressante.com.br\/discurso-de-padrinho-de-casamento\/#breadcrumb\",\"itemListElement\":[{\"@type\":\"ListItem\",\"position\":1,\"name\":\"Home\",\"item\":\"https:\/\/maisqueinteressante.com.br\/\"},{\"@type\":\"ListItem\",\"position\":2,\"name\":\"Discurso de Padrinho de Casamento\"}]},{\"@type\":\"Person\",\"@id\":\"https:\/\/maisqueinteressante.com.br\/#\/schema\/person\/4995f8f1611563764ccbf9d5cd2f8f0f\",\"name\":\"Aline Saes\",\"image\":{\"@type\":\"ImageObject\",\"inLanguage\":\"ro-RO\",\"@id\":\"https:\/\/maisqueinteressante.com.br\/#\/schema\/person\/image\/\",\"url\":\"https:\/\/secure.gravatar.com\/avatar\/fbba2c3f92032de0d7a091559878aacc?s=96&d=mm&r=g\",\"contentUrl\":\"https:\/\/secure.gravatar.com\/avatar\/fbba2c3f92032de0d7a091559878aacc?s=96&d=mm&r=g\",\"caption\":\"Aline Saes\"},\"description\":\"Estrategista de conte\u00fado e copywriter h\u00e1 mais de 6 anos. Apaixonada por trazer informa\u00e7\u00e3o de qualidade e acess\u00edvel para todos.\",\"url\":\"https:\/\/maisqueinteressante.com.br\/ro\/author\/aline-saes-rodriguesgmail-com\/\"}]}<\/script>\n<!-- \/ Yoast SEO Premium plugin. -->","yoast_head_json":{"title":"Discurso de Padrinho de Casamento - Mais Que Interessante","description":"Aprenda a como fazer um discurso de Padrinho impactante que deixei todos os convidados emocionados. Esse \u00e9 um momento especial.","robots":{"index":"index","follow":"follow","max-snippet":"max-snippet:-1","max-image-preview":"max-image-preview:large","max-video-preview":"max-video-preview:-1"},"canonical":"https:\/\/maisqueinteressante.com.br\/ro\/discurso-de-padrinho-de-casamento\/","og_locale":"ro_RO","og_type":"article","og_title":"Discurso de Padrinho de Casamento","og_description":"Aprenda a como fazer um discurso de Padrinho impactante que deixei todos os convidados emocionados. Esse \u00e9 um momento especial.","og_url":"https:\/\/maisqueinteressante.com.br\/ro\/discurso-de-padrinho-de-casamento\/","og_site_name":"Mais Que Interessante","article_published_time":"2023-02-20T00:07:14+00:00","twitter_card":"summary_large_image","twitter_image":"https:\/\/maisqueinteressante.com.br\/wp-content\/uploads\/2023\/02\/WhatsApp-Image-2022-12-10-at-16.24.38.webp","twitter_misc":{"Written by":"Aline Saes","Est. reading time":"5 minute"},"schema":{"@context":"https:\/\/schema.org","@graph":[{"@type":"WebSite","@id":"https:\/\/maisqueinteressante.com.br\/#website","url":"https:\/\/maisqueinteressante.com.br\/","name":"Mais Que Interessante","description":"","potentialAction":[{"@type":"SearchAction","target":{"@type":"EntryPoint","urlTemplate":"https:\/\/maisqueinteressante.com.br\/?s={search_term_string}"},"query-input":"required name=search_term_string"}],"inLanguage":"ro-RO"},{"@type":"ImageObject","inLanguage":"ro-RO","@id":"https:\/\/maisqueinteressante.com.br\/discurso-de-padrinho-de-casamento\/#primaryimage","url":"https:\/\/maisqueinteressante.com.br\/wp-content\/uploads\/2023\/02\/WhatsApp-Image-2022-12-10-at-16.24.38.webp","contentUrl":"https:\/\/maisqueinteressante.com.br\/wp-content\/uploads\/2023\/02\/WhatsApp-Image-2022-12-10-at-16.24.38.webp","width":960,"height":640},{"@type":"WebPage","@id":"https:\/\/maisqueinteressante.com.br\/discurso-de-padrinho-de-casamento\/#webpage","url":"https:\/\/maisqueinteressante.com.br\/discurso-de-padrinho-de-casamento\/","name":"Discurso de Padrinho de Casamento - Mais Que Interessante","isPartOf":{"@id":"https:\/\/maisqueinteressante.com.br\/#website"},"primaryImageOfPage":{"@id":"https:\/\/maisqueinteressante.com.br\/discurso-de-padrinho-de-casamento\/#primaryimage"},"datePublished":"2023-02-20T00:07:14+00:00","dateModified":"2023-02-20T00:07:14+00:00","author":{"@id":"https:\/\/maisqueinteressante.com.br\/#\/schema\/person\/4995f8f1611563764ccbf9d5cd2f8f0f"},"description":"Aprenda a como fazer um discurso de Padrinho impactante que deixei todos os convidados emocionados. Esse \u00e9 um momento especial.","breadcrumb":{"@id":"https:\/\/maisqueinteressante.com.br\/discurso-de-padrinho-de-casamento\/#breadcrumb"},"inLanguage":"ro-RO","potentialAction":[{"@type":"ReadAction","target":["https:\/\/maisqueinteressante.com.br\/discurso-de-padrinho-de-casamento\/"]}]},{"@type":"BreadcrumbList","@id":"https:\/\/maisqueinteressante.com.br\/discurso-de-padrinho-de-casamento\/#breadcrumb","itemListElement":[{"@type":"ListItem","position":1,"name":"Home","item":"https:\/\/maisqueinteressante.com.br\/"},{"@type":"ListItem","position":2,"name":"Discurso de Padrinho de Casamento"}]},{"@type":"Person","@id":"https:\/\/maisqueinteressante.com.br\/#\/schema\/person\/4995f8f1611563764ccbf9d5cd2f8f0f","name":"Aline Saes","image":{"@type":"ImageObject","inLanguage":"ro-RO","@id":"https:\/\/maisqueinteressante.com.br\/#\/schema\/person\/image\/","url":"https:\/\/secure.gravatar.com\/avatar\/fbba2c3f92032de0d7a091559878aacc?s=96&d=mm&r=g","contentUrl":"https:\/\/secure.gravatar.com\/avatar\/fbba2c3f92032de0d7a091559878aacc?s=96&d=mm&r=g","caption":"Aline Saes"},"description":"Estrategista de conte\u00fado e copywriter h\u00e1 mais de 6 anos. Apaixonada por trazer informa\u00e7\u00e3o de qualidade e acess\u00edvel para todos.","url":"https:\/\/maisqueinteressante.com.br\/ro\/author\/aline-saes-rodriguesgmail-com\/"}]}},"_links":{"self":[{"href":"https:\/\/maisqueinteressante.com.br\/ro\/wp-json\/wp\/v2\/posts\/6607"}],"collection":[{"href":"https:\/\/maisqueinteressante.com.br\/ro\/wp-json\/wp\/v2\/posts"}],"about":[{"href":"https:\/\/maisqueinteressante.com.br\/ro\/wp-json\/wp\/v2\/types\/post"}],"author":[{"embeddable":true,"href":"https:\/\/maisqueinteressante.com.br\/ro\/wp-json\/wp\/v2\/users\/12"}],"replies":[{"embeddable":true,"href":"https:\/\/maisqueinteressante.com.br\/ro\/wp-json\/wp\/v2\/comments?post=6607"}],"version-history":[{"count":0,"href":"https:\/\/maisqueinteressante.com.br\/ro\/wp-json\/wp\/v2\/posts\/6607\/revisions"}],"wp:featuredmedia":[{"embeddable":true,"href":"https:\/\/maisqueinteressante.com.br\/ro\/wp-json\/wp\/v2\/media\/6614"}],"wp:attachment":[{"href":"https:\/\/maisqueinteressante.com.br\/ro\/wp-json\/wp\/v2\/media?parent=6607"}],"wp:term":[{"taxonomy":"category","embeddable":true,"href":"https:\/\/maisqueinteressante.com.br\/ro\/wp-json\/wp\/v2\/categories?post=6607"},{"taxonomy":"post_tag","embeddable":true,"href":"https:\/\/maisqueinteressante.com.br\/ro\/wp-json\/wp\/v2\/tags?post=6607"}],"curies":[{"name":"wp","href":"https:\/\/api.w.org\/{rel}","templated":true}]}}